{"id":933,"date":"2021-03-30T12:13:10","date_gmt":"2021-03-30T10:13:10","guid":{"rendered":"http:\/\/cienciasbiologicas.ulagos.cl\/?p=933"},"modified":"2021-05-04T15:47:23","modified_gmt":"2021-05-04T13:47:23","slug":"director-nacional-de-la-corporacion-nacional-forestal-releva-convenio-de-colaboracion-con-la-ulagos","status":"publish","type":"post","link":"https:\/\/cienciasbiologicas.ulagos.cl\/?p=933","title":{"rendered":"Director Nacional de la Corporaci\u00f3n Nacional Forestal releva Convenio de Colaboraci\u00f3n con la  ULagos"},"content":{"rendered":"<p><em>Iniciativa destaca el\u00a0 trabajo conjunto a largo plazo entre ambas instituciones de la Regi\u00f3n de Los <\/em><em>Lagos<\/em><\/p>\n<p>Rodrigo Munita, director ejecutivo de la Corporaci\u00f3n Nacional Forestal, m\u00e1xima autoridad de la Corporaci\u00f3n destac\u00f3 no solo la participaci\u00f3n de los guardaparques de la Regi\u00f3n de Los Lagos en el diploma dictado por nuestro Departamento, sino tambi\u00e9n relev\u00f3 la firma de un importante convenio de colaboraci\u00f3n entre ambas instituciones que da cuenta de un proyecto a largo plazo, permitiendo la generaci\u00f3n de conocimiento a trav\u00e9s de investigaciones conjuntas y la transferencia de experiencias a la comunidad universitaria y regional.<\/p>\n<p>Leer m\u00e1s:<\/p>\n<p>(1) <a href=\"https:\/\/www.conaf.cl\/con-exito-finalizo-diplomado-para-30-guardaparques-de-conaf-region-de-los-lagos\/\">https:\/\/www.conaf.cl\/con-exito-finalizo-diplomado-para-30-guardaparques-de-conaf-region-de-los-lagos\/<\/a><\/p>\n<p>(2) <a href=\"https:\/\/www.ulagos.cl\/2020\/11\/ulagos-y-conaf-sellan-trabajo-colaborativo\/\">https:\/\/www.ulagos.cl\/2020\/11\/ulagos-y-conaf-sellan-trabajo-colaborativo\/<\/a><\/p>\n","protected":false},"excerpt":{"rendered":"<p>Iniciativa destaca el\u00a0 trabajo conjunto a largo plazo entre ambas instituciones de la Regi\u00f3n de Los Lagos Rodrigo Munita, director ejecutivo de la Corporaci\u00f3n Nacional Forestal, m\u00e1xima autoridad de la Corporaci\u00f3n destac\u00f3 no solo la participaci\u00f3n de los guardaparques de la Regi\u00f3n de Los Lagos en el diploma dictado por nuestro Departamento, sino tambi\u00e9n relev\u00f3 [&hellip;]<\/p>\n","protected":false},"author":5,"featured_media":935,"comment_status":"open","ping_status":"open","sticky":false,"template":"","format":"standard","meta":{"_uag_custom_page_level_css":"","footnotes":""},"categories":[8],"tags":[],"class_list":["post-933","post","type-post","status-publish","format-standard","has-post-thumbnail","hentry","category-destacados","destcado-home"],"uagb_featured_image_src":{"full":["https:\/\/cienciasbiologicas.ulagos.cl\/wp-content\/uploads\/2020\/11\/DirNacionalConaf.jpg.png",647,553,false],"thumbnail":["https:\/\/cienciasbiologicas.ulagos.cl\/wp-content\/uploads\/2020\/11\/DirNacionalConaf.jpg-150x150.png",150,150,true],"medium":["https:\/\/cienciasbiologicas.ulagos.cl\/wp-content\/uploads\/2020\/11\/DirNacionalConaf.jpg-300x256.png",300,256,true],"medium_large":["https:\/\/cienciasbiologicas.ulagos.cl\/wp-content\/uploads\/2020\/11\/DirNacionalConaf.jpg.png",647,553,false],"large":["https:\/\/cienciasbiologicas.ulagos.cl\/wp-content\/uploads\/2020\/11\/DirNacionalConaf.jpg.png",647,553,false],"1536x1536":["https:\/\/cienciasbiologicas.ulagos.cl\/wp-content\/uploads\/2020\/11\/DirNacionalConaf.jpg.png",647,553,false],"2048x2048":["https:\/\/cienciasbiologicas.ulagos.cl\/wp-content\/uploads\/2020\/11\/DirNacionalConaf.jpg.png",647,553,false],"banner":["https:\/\/cienciasbiologicas.ulagos.cl\/wp-content\/uploads\/2020\/11\/DirNacionalConaf.jpg.png",606,518,false],"bannerresponsive":["https:\/\/cienciasbiologicas.ulagos.cl\/wp-content\/uploads\/2020\/11\/DirNacionalConaf.jpg.png",543,464,false],"desta_pageleft":["https:\/\/cienciasbiologicas.ulagos.cl\/wp-content\/uploads\/2020\/11\/DirNacionalConaf.jpg.png",348,297,false],"detacado_home":["https:\/\/cienciasbiologicas.ulagos.cl\/wp-content\/uploads\/2020\/11\/DirNacionalConaf.jpg-500x364.png",500,364,true],"home":["https:\/\/cienciasbiologicas.ulagos.cl\/wp-content\/uploads\/2020\/11\/DirNacionalConaf.jpg-538x392.png",538,392,true],"homepost":["https:\/\/cienciasbiologicas.ulagos.cl\/wp-content\/uploads\/2020\/11\/DirNacionalConaf.jpg.png",108,92,false]},"uagb_author_info":{"display_name":"cristian","author_link":"https:\/\/cienciasbiologicas.ulagos.cl\/?author=5"},"uagb_comment_info":0,"uagb_excerpt":"Iniciativa destaca el\u00a0 trabajo conjunto a largo plazo entre ambas instituciones de la Regi\u00f3n de Los Lagos Rodrigo Munita, director ejecutivo de la Corporaci\u00f3n Nacional Forestal, m\u00e1xima autoridad de la Corporaci\u00f3n destac\u00f3 no solo la participaci\u00f3n de los guardaparques de la Regi\u00f3n de Los Lagos en el diploma dictado por nuestro Departamento, sino tambi\u00e9n relev\u00f3&hellip;","_links":{"self":[{"href":"https:\/\/cienciasbiologicas.ulagos.cl\/index.php?rest_route=\/wp\/v2\/posts\/933","targetHints":{"allow":["GET"]}}],"collection":[{"href":"https:\/\/cienciasbiologicas.ulagos.cl\/index.php?rest_route=\/wp\/v2\/posts"}],"about":[{"href":"https:\/\/cienciasbiologicas.ulagos.cl\/index.php?rest_route=\/wp\/v2\/types\/post"}],"author":[{"embeddable":true,"href":"https:\/\/cienciasbiologicas.ulagos.cl\/index.php?rest_route=\/wp\/v2\/users\/5"}],"replies":[{"embeddable":true,"href":"https:\/\/cienciasbiologicas.ulagos.cl\/index.php?rest_route=%2Fwp%2Fv2%2Fcomments&post=933"}],"version-history":[{"count":1,"href":"https:\/\/cienciasbiologicas.ulagos.cl\/index.php?rest_route=\/wp\/v2\/posts\/933\/revisions"}],"predecessor-version":[{"id":936,"href":"https:\/\/cienciasbiologicas.ulagos.cl\/index.php?rest_route=\/wp\/v2\/posts\/933\/revisions\/936"}],"wp:featuredmedia":[{"embeddable":true,"href":"https:\/\/cienciasbiologicas.ulagos.cl\/index.php?rest_route=\/wp\/v2\/media\/935"}],"wp:attachment":[{"href":"https:\/\/cienciasbiologicas.ulagos.cl\/index.php?rest_route=%2Fwp%2Fv2%2Fmedia&parent=933"}],"wp:term":[{"taxonomy":"category","embeddable":true,"href":"https:\/\/cienciasbiologicas.ulagos.cl\/index.php?rest_route=%2Fwp%2Fv2%2Fcategories&post=933"},{"taxonomy":"post_tag","embeddable":true,"href":"https:\/\/cienciasbiologicas.ulagos.cl\/index.php?rest_route=%2Fwp%2Fv2%2Ftags&post=933"}],"curies":[{"name":"wp","href":"https:\/\/api.w.org\/{rel}","templated":true}]}}