{"id":1650,"date":"2023-11-08T15:25:05","date_gmt":"2023-11-08T14:25:05","guid":{"rendered":"https:\/\/cienciasbiologicas.ulagos.cl\/?p=1650"},"modified":"2023-11-08T15:26:24","modified_gmt":"2023-11-08T14:26:24","slug":"estudiantes-del-liceo-carmela-carvajal-tuvieron-su-primera-clase-en-un-laboratorio","status":"publish","type":"post","link":"https:\/\/cienciasbiologicas.ulagos.cl\/?p=1650","title":{"rendered":"Estudiantes del liceo Carmela Carvajal tuvieron su primera clase en un laboratorio"},"content":{"rendered":"<p>Una iniciativa virtuosa que vincula a la ciencia, el aprendizaje, \u00a0y el impacto educativo y social, es la que realiz\u00f3 la Universidad de Los Lagos, a trav\u00e9s de sus Departamentos de Acuicultura y Recursos Agroalimentarios y el Departamento de Ciencias Biol\u00f3gicas y Biodiversidad, con el Liceo Bicentenario Carmela Carvajal de Prat, cuyos estudiantes de tercer a\u00f1o medio, pudieron recibir por primera vez una clase en un laboratorio de ciencias.<\/p>\n<p>Lo anterior, debido a que como es de conocimiento p\u00fablico, el emblem\u00e1tico liceo no puede realizar las clases de manera normal al no contar con la infraestructura debido a la paralizaci\u00f3n de las obras de su espacio f\u00edsico, esto ha ocasionado todo un impacto en el aprendizaje y desarrollo de las y los estudiantes del establecimiento.<\/p>\n<p>En este\u00a0<strong>contexto, a trav\u00e9s de la gesti\u00f3n del vicerrector de Investigaci\u00f3n y Postgrado, \u00d3scar D\u00edaz,\u00a0<\/strong>quien adem\u00e1s es acad\u00e9mico del Departamento de Acuicultura y Recursos Agroalimentarios, se logr\u00f3 que 33 estudiantes del m\u00f3dulo cient\u00edfico del tercero medio del liceo, pudieran experimentar, por primera vez, una clase de ciencias en un laboratorio, que en este caso fue el laboratorio de Biolog\u00eda General, del Departamento de Biolog\u00eda y Biodiversidad de la ULagos.<\/p>\n<p>El\u00a0<strong>vicerrector de Investigaci\u00f3n y Postgrado, y acad\u00e9mico del Departamento de Acuicultura y Recursos Agroalimentarios del \u00c1rea de Ciencias Biol\u00f3gicas, Dr. \u00d3scar D\u00edaz,<\/strong>\u00a0explic\u00f3 que\u00a0<em>\u201cse inicia un programa de vinculaci\u00f3n cient\u00edfica con el Liceo Bicentenario Carmela Carvajal de Prat, con estudiantes de tercero medio del plan cient\u00edfico, resultado de una colaboraci\u00f3n que tenemos entre los departamentos de Acuicultura y Recursos Agroalimentarios y el Departamento de Ciencias Biol\u00f3gicas y Biodiversidad\u201d,\u00a0<\/em>afirm\u00f3.<\/p>\n<p>El objetivo del programa de vinculaci\u00f3n cient\u00edfica es que se repita cada a\u00f1o con el liceo Bicentenario Carmela Carvajal y tambi\u00e9n con otros colegios de la provincia de Osorno.<\/p>\n<p><em>\u201cQueremos comenzar a vincularnos con otros colegios que no tienen las posibilidades que no tienen acceso a laboratorios y tambi\u00e9n fidelizar a futuros estudiantes para la Universidad de Los Lagos. Esperamos que este sea un espacio para poder \u00a0vincular a la universidad, m\u00e1s en el \u00e1rea de la ciencia\u201d,<\/em>\u00a0precis\u00f3.<\/p>\n<p><strong>Metodolog\u00eda<\/strong><\/p>\n<p>La clase explic\u00f3 el Dr. D\u00edaz, tuvo como metodolog\u00eda la preparaci\u00f3n de una gu\u00eda te\u00f3rico-pr\u00e1ctica que se le entreg\u00f3 a la profesora de la asignatura, dos semanas antes de la actividad como preparaci\u00f3n de los estudiantes a la instancia con los conocimientos te\u00f3ricos al respecto.\u00a0<em>\u201cNosotros hemos partido hoy haciendo un repaso de algunos de los t\u00f3picos de esa informaci\u00f3n te\u00f3rica, con el fin que las y los estudiantes apliquen los conceptos de microscop\u00eda, conozcan un microscopio compuesto. Adem\u00e1s de considerar, que nuestros microscopios alcanzan un valor unitario de 1 mill\u00f3n a 1 mill\u00f3n y medio de pesos\u201d,<\/em>\u00a0indic\u00f3.<\/p>\n<p>Tres son los profesores que estuvieron cautelando que el trabajo se realice adecuadamente; El Dr. \u00d3scar D\u00edaz, Margarita Parraguez, representante del Departamento \u00a0de Ciencias Biol\u00f3gicas y Biodiversidad y la profesora del \u00e1rea de ciencias, biolog\u00eda y qu\u00edmica del liceo Bicentenario Carmela Carvajal de Prat, Grace Opitz.<\/p>\n<p>En la ocasi\u00f3n, las y los estudiantes tuvieron la oportunidad de observar muestras preparadas de peces, de tejidos, de mitosis de divisi\u00f3n celular, ya que las y los estudiantes han visto y aprendido conceptos te\u00f3ricos en el colegio que pudieron ver en la pr\u00e1ctica.<\/p>\n<p><em>\u201cLa idea es que puedan ver no solamente muestras fijas, sino tambi\u00e9n muestras de agua contaminada, que puedan ver en vivo las amebas y otros \u00a0microorganismo vivos. La idea es encantarlos con la biolog\u00eda, que ellos se motiven y como adem\u00e1s son del plan cient\u00edfico, esto refuerza mucho los conocimientos y naturalmente es una motivaci\u00f3n para atraerlos a la universidad\u201d,\u00a0<\/em>enfatiz\u00f3 el Dr. \u00d3scar D\u00edaz.<\/p>\n<p>En tanto, la profesora del \u00e1rea de ciencias, biolog\u00eda y qu\u00edmica del\u00a0<strong>liceo Bicentenario Carmela Carvajal,\u00a0<\/strong><strong>\u00a0<\/strong><em><strong>Mag\u00edster en Ciencias<\/strong><\/em><strong>, menci\u00f3n\u00a0<\/strong><em><strong>Producci\u00f3n<\/strong><\/em><strong>, Manejo \u00a0<\/strong><em><strong>Conservaci\u00f3n de Recursos Naturales, Grace Opitz,<\/strong><\/em><em>\u00a0indic\u00f3 que\u00a0<\/em><em>\u201cen primer lugar estamos pasando un periodo dif\u00edcil como colegio y no contamos con un laboratorio para las y los estudiantes. Esto comenz\u00f3 con la pandemia y ya llevamos varios a\u00f1os sin poder experimentar, solamente a veces realizamos experimentos caseros, pero es diferente que el estudiante tome un microscopio y empiece a explorar o que alguien lo gu\u00ede y para observar m\u00e1s de su entorno\u201d,<\/em><em>\u00a0sostuvo.<\/em><\/p>\n<p><em>Los estudiantes, agreg\u00f3,<\/em><em>\u00a0\u201cpertenecen al m\u00f3dulo de ciencias y ha sido impresionante para ellos, ya que estaban alejados tanto tiempo de la ciencia, tantos a\u00f1os con materia en teor\u00eda y ahora, al ver, al enfocar un microscopio, a aprender haciendo, hace que est\u00e9n emocionados y fascinados. El v\u00ednculo del liceo con la universidad va favorecer el aprendizaje de los estudiantes totalmente\u201d,<\/em><em>\u00a0asegur\u00f3.<\/em><\/p>\n<p><em>\u00a0<\/em><strong>Ainara Valdebenito, tambi\u00e9n del tercer a\u00f1o,<\/strong>\u00a0explic\u00f3 que la experiencia es\u00a0<em>\u201cinnovadora, ya que mi generaci\u00f3n no ha tenido la oportunidad de pertenecer a una clase de ciencias y poder ver presencialmente, en vivo y en directo, bacterias, el utilizar instrumentos, es algo nuevo y motiva mucho m\u00e1s a aprender m\u00e1s\u201d,<\/em>\u00a0finaliz\u00f3.<\/p>\n<blockquote class=\"wp-embedded-content\" data-secret=\"7wgiUpPn3Q\"><p><a href=\"https:\/\/www.ulagos.cl\/2023\/10\/estudiantes-del-liceo-carmela-carvajal-tuvieron-su-primera-clase-en-un-laboratorio\/\">Estudiantes del liceo Carmela Carvajal tuvieron su primera clase en un laboratorio<\/a><\/p><\/blockquote>\n<p><iframe loading=\"lazy\" class=\"wp-embedded-content\" sandbox=\"allow-scripts\" security=\"restricted\" style=\"position: absolute; clip: rect(1px, 1px, 1px, 1px);\" title=\"\u00abEstudiantes del liceo Carmela Carvajal tuvieron su primera clase en un laboratorio\u00bb \u2014 Universidad de Los Lagos\" src=\"https:\/\/www.ulagos.cl\/2023\/10\/estudiantes-del-liceo-carmela-carvajal-tuvieron-su-primera-clase-en-un-laboratorio\/embed\/#?secret=QFcupY9v47#?secret=7wgiUpPn3Q\" data-secret=\"7wgiUpPn3Q\" width=\"500\" height=\"282\" frameborder=\"0\" marginwidth=\"0\" marginheight=\"0\" scrolling=\"no\"><\/iframe><\/p>\n","protected":false},"excerpt":{"rendered":"<p>Una iniciativa virtuosa que vincula a la ciencia, el aprendizaje, \u00a0y el impacto educativo y social, es la que realiz\u00f3 la Universidad de Los Lagos, a trav\u00e9s de sus Departamentos de Acuicultura y Recursos Agroalimentarios y el Departamento de Ciencias Biol\u00f3gicas y Biodiversidad, con el Liceo Bicentenario Carmela Carvajal de Prat, cuyos estudiantes de tercer [&hellip;]<\/p>\n","protected":false},"author":5,"featured_media":1652,"comment_status":"open","ping_status":"open","sticky":false,"template":"","format":"standard","meta":{"_uag_custom_page_level_css":"","footnotes":""},"categories":[1],"tags":[],"class_list":["post-1650","post","type-post","status-publish","format-standard","has-post-thumbnail","hentry","category-sin-categoria","destcado-home"],"uagb_featured_image_src":{"full":["https:\/\/cienciasbiologicas.ulagos.cl\/wp-content\/uploads\/2023\/11\/IMG-20231022-WA0179.jpg",1600,1200,false],"thumbnail":["https:\/\/cienciasbiologicas.ulagos.cl\/wp-content\/uploads\/2023\/11\/IMG-20231022-WA0179.jpg",150,113,false],"medium":["https:\/\/cienciasbiologicas.ulagos.cl\/wp-content\/uploads\/2023\/11\/IMG-20231022-WA0179.jpg",300,225,false],"medium_large":["https:\/\/cienciasbiologicas.ulagos.cl\/wp-content\/uploads\/2023\/11\/IMG-20231022-WA0179.jpg",768,576,false],"large":["https:\/\/cienciasbiologicas.ulagos.cl\/wp-content\/uploads\/2023\/11\/IMG-20231022-WA0179.jpg",1024,768,false],"1536x1536":["https:\/\/cienciasbiologicas.ulagos.cl\/wp-content\/uploads\/2023\/11\/IMG-20231022-WA0179.jpg",1536,1152,false],"2048x2048":["https:\/\/cienciasbiologicas.ulagos.cl\/wp-content\/uploads\/2023\/11\/IMG-20231022-WA0179.jpg",1600,1200,false],"banner":["https:\/\/cienciasbiologicas.ulagos.cl\/wp-content\/uploads\/2023\/11\/IMG-20231022-WA0179.jpg",691,518,false],"bannerresponsive":["https:\/\/cienciasbiologicas.ulagos.cl\/wp-content\/uploads\/2023\/11\/IMG-20231022-WA0179.jpg",619,464,false],"desta_pageleft":["https:\/\/cienciasbiologicas.ulagos.cl\/wp-content\/uploads\/2023\/11\/IMG-20231022-WA0179.jpg",348,261,false],"detacado_home":["https:\/\/cienciasbiologicas.ulagos.cl\/wp-content\/uploads\/2023\/11\/IMG-20231022-WA0179.jpg",953,715,false],"home":["https:\/\/cienciasbiologicas.ulagos.cl\/wp-content\/uploads\/2023\/11\/IMG-20231022-WA0179.jpg",523,392,false],"homepost":["https:\/\/cienciasbiologicas.ulagos.cl\/wp-content\/uploads\/2023\/11\/IMG-20231022-WA0179.jpg",108,81,false]},"uagb_author_info":{"display_name":"cristian","author_link":"https:\/\/cienciasbiologicas.ulagos.cl\/?author=5"},"uagb_comment_info":0,"uagb_excerpt":"Una iniciativa virtuosa que vincula a la ciencia, el aprendizaje, \u00a0y el impacto educativo y social, es la que realiz\u00f3 la Universidad de Los Lagos, a trav\u00e9s de sus Departamentos de Acuicultura y Recursos Agroalimentarios y el Departamento de Ciencias Biol\u00f3gicas y Biodiversidad, con el Liceo Bicentenario Carmela Carvajal de Prat, cuyos estudiantes de tercer&hellip;","_links":{"self":[{"href":"https:\/\/cienciasbiologicas.ulagos.cl\/index.php?rest_route=\/wp\/v2\/posts\/1650","targetHints":{"allow":["GET"]}}],"collection":[{"href":"https:\/\/cienciasbiologicas.ulagos.cl\/index.php?rest_route=\/wp\/v2\/posts"}],"about":[{"href":"https:\/\/cienciasbiologicas.ulagos.cl\/index.php?rest_route=\/wp\/v2\/types\/post"}],"author":[{"embeddable":true,"href":"https:\/\/cienciasbiologicas.ulagos.cl\/index.php?rest_route=\/wp\/v2\/users\/5"}],"replies":[{"embeddable":true,"href":"https:\/\/cienciasbiologicas.ulagos.cl\/index.php?rest_route=%2Fwp%2Fv2%2Fcomments&post=1650"}],"version-history":[{"count":1,"href":"https:\/\/cienciasbiologicas.ulagos.cl\/index.php?rest_route=\/wp\/v2\/posts\/1650\/revisions"}],"predecessor-version":[{"id":1651,"href":"https:\/\/cienciasbiologicas.ulagos.cl\/index.php?rest_route=\/wp\/v2\/posts\/1650\/revisions\/1651"}],"wp:featuredmedia":[{"embeddable":true,"href":"https:\/\/cienciasbiologicas.ulagos.cl\/index.php?rest_route=\/wp\/v2\/media\/1652"}],"wp:attachment":[{"href":"https:\/\/cienciasbiologicas.ulagos.cl\/index.php?rest_route=%2Fwp%2Fv2%2Fmedia&parent=1650"}],"wp:term":[{"taxonomy":"category","embeddable":true,"href":"https:\/\/cienciasbiologicas.ulagos.cl\/index.php?rest_route=%2Fwp%2Fv2%2Fcategories&post=1650"},{"taxonomy":"post_tag","embeddable":true,"href":"https:\/\/cienciasbiologicas.ulagos.cl\/index.php?rest_route=%2Fwp%2Fv2%2Ftags&post=1650"}],"curies":[{"name":"wp","href":"https:\/\/api.w.org\/{rel}","templated":true}]}}