{"id":1518,"date":"2022-05-23T16:43:28","date_gmt":"2022-05-23T14:43:28","guid":{"rendered":"http:\/\/cienciasbiologicas.ulagos.cl\/?p=1518"},"modified":"2022-05-24T16:45:42","modified_gmt":"2022-05-24T14:45:42","slug":"ministro-de-agricultura-inaugura-laboratorio-de-genetica-de-la-conservacion-durante-su-visita-al-campus-osorno-de-ulagos","status":"publish","type":"post","link":"https:\/\/cienciasbiologicas.ulagos.cl\/?p=1518","title":{"rendered":"Ministro de Agricultura inaugura Laboratorio de Gen\u00e9tica de la Conservaci\u00f3n durante su visita al campus Osorno de ULagos"},"content":{"rendered":"<p>El Laboratorio de Gen\u00e9tica de la Conservaci\u00f3n es dirigido por la doctora Constanza Napolitano y su habilitaci\u00f3n fue considerada en un Proyecto de Subvenci\u00f3n a la Instalaci\u00f3n en la Academia (SIA) de la Agencia Nacional de Investigaci\u00f3n y Desarrollo (ANID). Esta nueva infraestructura del Departamento de Ciencias Biol\u00f3gicas y Biodiversidad en el campus Osorno tiene como prop\u00f3sito principal responder preguntas con pertinencia territorial y aportar evidencia cient\u00edfica que contribuya a la planificaci\u00f3n de estrategias para la conservaci\u00f3n de la biodiversidad a nivel regional y nacional.<\/p>\n<p>\u201c<em>Es muy relevante que el ministro haya podido participar de la inauguraci\u00f3n de este laboratorio porque el \u00e1rea del Ministerio de Agricultura tiene mucha convergencia con sustentabilidad, conservaci\u00f3n de la biodiversidad, muchas \u00e1reas en com\u00fan de las tem\u00e1ticas que nosotros en el laboratorio abordamos. Este es un laboratorio de gen\u00e9tica de la conservaci\u00f3n, nosotros ocupamos herramientas gen\u00e9ticas para poder responder preguntas en conservaci\u00f3n, tratando en indagar m\u00e1s en tem\u00e1ticas como amenazas a la p\u00e9rdida de la biodiversidad, amenazas a la fauna silvestre desde distintas aristas y el objetivo final es tratar de obtener evidencia cient\u00edfica que pueda servir a los tomadores de decisi\u00f3n para generar pol\u00edticas p\u00fablicas y estrategias a nivel nacional para la conservaci\u00f3n de la biodiversidad. No podemos tomar decisiones y generar estrategias de conservaci\u00f3n de la biodiversidad a nivel nacional si no tenemos de base informaci\u00f3n muy s\u00f3lida, cient\u00edfica y ese es el rol que las universidades tienen ah\u00ed<\/em>\u201d, explic\u00f3 la Doctora Napolitano.<\/p>\n<p><a href=\"https:\/\/www.ulagos.cl\/2022\/05\/ministro-de-agricultura-inauguro-el-ano-academico-2022-del-postgrado-ulagos\/\">https:\/\/www.ulagos.cl\/2022\/05\/ministro-de-agricultura-inauguro-el-ano-academico-2022-del-postgrado-ulagos\/<\/a><\/p>\n","protected":false},"excerpt":{"rendered":"<p>El Laboratorio de Gen\u00e9tica de la Conservaci\u00f3n es dirigido por la doctora Constanza Napolitano y su habilitaci\u00f3n fue considerada en un Proyecto de Subvenci\u00f3n a la Instalaci\u00f3n en la Academia (SIA) de la Agencia Nacional de Investigaci\u00f3n y Desarrollo (ANID). Esta nueva infraestructura del Departamento de Ciencias Biol\u00f3gicas y Biodiversidad en el campus Osorno tiene [&hellip;]<\/p>\n","protected":false},"author":5,"featured_media":1519,"comment_status":"open","ping_status":"open","sticky":false,"template":"","format":"standard","meta":{"_uag_custom_page_level_css":"","footnotes":""},"categories":[1],"tags":[],"class_list":["post-1518","post","type-post","status-publish","format-standard","has-post-thumbnail","hentry","category-sin-categoria","destcado-home"],"uagb_featured_image_src":{"full":["https:\/\/cienciasbiologicas.ulagos.cl\/wp-content\/uploads\/2022\/05\/6-scaled-1.jpg",2560,1920,false],"thumbnail":["https:\/\/cienciasbiologicas.ulagos.cl\/wp-content\/uploads\/2022\/05\/6-scaled-1-150x150.jpg",150,150,true],"medium":["https:\/\/cienciasbiologicas.ulagos.cl\/wp-content\/uploads\/2022\/05\/6-scaled-1-300x225.jpg",300,225,true],"medium_large":["https:\/\/cienciasbiologicas.ulagos.cl\/wp-content\/uploads\/2022\/05\/6-scaled-1-768x576.jpg",768,576,true],"large":["https:\/\/cienciasbiologicas.ulagos.cl\/wp-content\/uploads\/2022\/05\/6-scaled-1-1024x768.jpg",1024,768,true],"1536x1536":["https:\/\/cienciasbiologicas.ulagos.cl\/wp-content\/uploads\/2022\/05\/6-scaled-1-1536x1152.jpg",1536,1152,true],"2048x2048":["https:\/\/cienciasbiologicas.ulagos.cl\/wp-content\/uploads\/2022\/05\/6-scaled-1-2048x1536.jpg",2048,1536,true],"banner":["https:\/\/cienciasbiologicas.ulagos.cl\/wp-content\/uploads\/2022\/05\/6-scaled-1.jpg",691,518,false],"bannerresponsive":["https:\/\/cienciasbiologicas.ulagos.cl\/wp-content\/uploads\/2022\/05\/6-scaled-1.jpg",619,464,false],"desta_pageleft":["https:\/\/cienciasbiologicas.ulagos.cl\/wp-content\/uploads\/2022\/05\/6-scaled-1.jpg",348,261,false],"detacado_home":["https:\/\/cienciasbiologicas.ulagos.cl\/wp-content\/uploads\/2022\/05\/6-scaled-1-500x364.jpg",500,364,true],"home":["https:\/\/cienciasbiologicas.ulagos.cl\/wp-content\/uploads\/2022\/05\/6-scaled-1-538x392.jpg",538,392,true],"homepost":["https:\/\/cienciasbiologicas.ulagos.cl\/wp-content\/uploads\/2022\/05\/6-scaled-1.jpg",108,81,false]},"uagb_author_info":{"display_name":"cristian","author_link":"https:\/\/cienciasbiologicas.ulagos.cl\/?author=5"},"uagb_comment_info":0,"uagb_excerpt":"El Laboratorio de Gen\u00e9tica de la Conservaci\u00f3n es dirigido por la doctora Constanza Napolitano y su habilitaci\u00f3n fue considerada en un Proyecto de Subvenci\u00f3n a la Instalaci\u00f3n en la Academia (SIA) de la Agencia Nacional de Investigaci\u00f3n y Desarrollo (ANID). Esta nueva infraestructura del Departamento de Ciencias Biol\u00f3gicas y Biodiversidad en el campus Osorno tiene&hellip;","_links":{"self":[{"href":"https:\/\/cienciasbiologicas.ulagos.cl\/index.php?rest_route=\/wp\/v2\/posts\/1518","targetHints":{"allow":["GET"]}}],"collection":[{"href":"https:\/\/cienciasbiologicas.ulagos.cl\/index.php?rest_route=\/wp\/v2\/posts"}],"about":[{"href":"https:\/\/cienciasbiologicas.ulagos.cl\/index.php?rest_route=\/wp\/v2\/types\/post"}],"author":[{"embeddable":true,"href":"https:\/\/cienciasbiologicas.ulagos.cl\/index.php?rest_route=\/wp\/v2\/users\/5"}],"replies":[{"embeddable":true,"href":"https:\/\/cienciasbiologicas.ulagos.cl\/index.php?rest_route=%2Fwp%2Fv2%2Fcomments&post=1518"}],"version-history":[{"count":1,"href":"https:\/\/cienciasbiologicas.ulagos.cl\/index.php?rest_route=\/wp\/v2\/posts\/1518\/revisions"}],"predecessor-version":[{"id":1520,"href":"https:\/\/cienciasbiologicas.ulagos.cl\/index.php?rest_route=\/wp\/v2\/posts\/1518\/revisions\/1520"}],"wp:featuredmedia":[{"embeddable":true,"href":"https:\/\/cienciasbiologicas.ulagos.cl\/index.php?rest_route=\/wp\/v2\/media\/1519"}],"wp:attachment":[{"href":"https:\/\/cienciasbiologicas.ulagos.cl\/index.php?rest_route=%2Fwp%2Fv2%2Fmedia&parent=1518"}],"wp:term":[{"taxonomy":"category","embeddable":true,"href":"https:\/\/cienciasbiologicas.ulagos.cl\/index.php?rest_route=%2Fwp%2Fv2%2Fcategories&post=1518"},{"taxonomy":"post_tag","embeddable":true,"href":"https:\/\/cienciasbiologicas.ulagos.cl\/index.php?rest_route=%2Fwp%2Fv2%2Ftags&post=1518"}],"curies":[{"name":"wp","href":"https:\/\/api.w.org\/{rel}","templated":true}]}}