{"id":1,"date":"2019-10-04T15:22:31","date_gmt":"2019-10-04T13:22:31","guid":{"rendered":"http:\/\/cienciasbiologicas.ulagos.cl\/?p=1"},"modified":"2020-10-05T16:59:10","modified_gmt":"2020-10-05T14:59:10","slug":"hola-mundo","status":"publish","type":"post","link":"https:\/\/cienciasbiologicas.ulagos.cl\/?p=1","title":{"rendered":"Biodiversidad y Ecolog\u00eda de los Bosques Costeros de Chile"},"content":{"rendered":"<p><span class=\"css-901oao css-16my406 r-1qd0xha r-ad9z0x r-bcqeeo r-qvutc0\"><em><strong>\u00abBiodiversidad y Ecolog\u00eda de los Bosques Costeros de Chile\u00bb<\/strong><\/em> (C. Smith-Ram\u00edrez &amp; F.A. Squeo, eds.) corresponde a una nueva edici\u00f3n sobre los bosques nativos de la Cordillera de la Costa, antiguos testigos de los cambios geol\u00f3gicos y clim\u00e1ticos que han ocurrido en el paisaje del sur de Sudam\u00e9rica durante millones de a\u00f1os.<\/span><\/p>\n<p><span class=\"css-901oao css-16my406 r-1qd0xha r-ad9z0x r-bcqeeo r-qvutc0\">El libro es un esfuerzo por difundir el conocimiento biol\u00f3gico acumulado por distintos investigadores de distintas instituciones y especialidades que plasmaron los aspectos positivos y negativos vinculados a estos ecosistemas.<\/span><\/p>\n<p><span class=\"css-901oao css-16my406 r-1qd0xha r-ad9z0x r-bcqeeo r-qvutc0\">Se espera que esta edici\u00f3n conjunta entre la Universidad de Los Lagos <\/span><span class=\"css-901oao css-16my406 r-1qd0xha r-ad9z0x r-bcqeeo r-qvutc0\">y el Instituto de Ecolog\u00eda y Biodiversidad <\/span><span class=\"r-18u37iz\">logre crear conciencia en las autoridades y la ciudadan\u00eda de la relevancia de proteger nuestro patrimonio natural de la Cordillera de la Costa.<\/span><\/p>\n<p>Noticia ampliada en:\u00a0<a href=\"https:\/\/www.ulagos.cl\/2019\/09\/nueva-version-de-libro-sobre-biodiversidad-de-los-bosques-costeros\/\">https:\/\/www.ulagos.cl\/2019\/09\/nueva-version-de-libro-sobre-biodiversidad-de-los-bosques-costeros\/<\/a><\/p>\n","protected":false},"excerpt":{"rendered":"<p>\u00abBiodiversidad y Ecolog\u00eda de los Bosques Costeros de Chile\u00bb (C. Smith-Ram\u00edrez &amp; F.A. Squeo, eds.) corresponde a una nueva edici\u00f3n sobre los bosques nativos de la Cordillera de la Costa, antiguos testigos de los cambios geol\u00f3gicos y clim\u00e1ticos que han ocurrido en el paisaje del sur de Sudam\u00e9rica durante millones de a\u00f1os. El libro es [&hellip;]<\/p>\n","protected":false},"author":1,"featured_media":813,"comment_status":"open","ping_status":"open","sticky":false,"template":"","format":"standard","meta":{"_uag_custom_page_level_css":"","footnotes":""},"categories":[9],"tags":[],"class_list":["post-1","post","type-post","status-publish","format-standard","has-post-thumbnail","hentry","category-novedades-novedades","destcado-home"],"uagb_featured_image_src":{"full":["https:\/\/cienciasbiologicas.ulagos.cl\/wp-content\/uploads\/2020\/10\/ceciliabiodiversidad.jpg",1793,1104,false],"thumbnail":["https:\/\/cienciasbiologicas.ulagos.cl\/wp-content\/uploads\/2020\/10\/ceciliabiodiversidad-150x150.jpg",150,150,true],"medium":["https:\/\/cienciasbiologicas.ulagos.cl\/wp-content\/uploads\/2020\/10\/ceciliabiodiversidad-300x185.jpg",300,185,true],"medium_large":["https:\/\/cienciasbiologicas.ulagos.cl\/wp-content\/uploads\/2020\/10\/ceciliabiodiversidad-768x473.jpg",768,473,true],"large":["https:\/\/cienciasbiologicas.ulagos.cl\/wp-content\/uploads\/2020\/10\/ceciliabiodiversidad-1024x631.jpg",1024,631,true],"1536x1536":["https:\/\/cienciasbiologicas.ulagos.cl\/wp-content\/uploads\/2020\/10\/ceciliabiodiversidad-1536x946.jpg",1536,946,true],"2048x2048":["https:\/\/cienciasbiologicas.ulagos.cl\/wp-content\/uploads\/2020\/10\/ceciliabiodiversidad.jpg",1793,1104,false],"detacado_home":["https:\/\/cienciasbiologicas.ulagos.cl\/wp-content\/uploads\/2020\/10\/ceciliabiodiversidad-500x364.jpg",500,364,true],"home":["https:\/\/cienciasbiologicas.ulagos.cl\/wp-content\/uploads\/2020\/10\/ceciliabiodiversidad-538x392.jpg",538,392,true],"destacado":["https:\/\/cienciasbiologicas.ulagos.cl\/wp-content\/uploads\/2020\/10\/ceciliabiodiversidad-1280x443.jpg",1280,443,true]},"uagb_author_info":{"display_name":"cel __ @celsoperez","author_link":"https:\/\/cienciasbiologicas.ulagos.cl\/?author=1"},"uagb_comment_info":0,"uagb_excerpt":"\u00abBiodiversidad y Ecolog\u00eda de los Bosques Costeros de Chile\u00bb (C. Smith-Ram\u00edrez &amp; F.A. Squeo, eds.) corresponde a una nueva edici\u00f3n sobre los bosques nativos de la Cordillera de la Costa, antiguos testigos de los cambios geol\u00f3gicos y clim\u00e1ticos que han ocurrido en el paisaje del sur de Sudam\u00e9rica durante millones de a\u00f1os. El libro es&hellip;","_links":{"self":[{"href":"https:\/\/cienciasbiologicas.ulagos.cl\/index.php?rest_route=\/wp\/v2\/posts\/1","targetHints":{"allow":["GET"]}}],"collection":[{"href":"https:\/\/cienciasbiologicas.ulagos.cl\/index.php?rest_route=\/wp\/v2\/posts"}],"about":[{"href":"https:\/\/cienciasbiologicas.ulagos.cl\/index.php?rest_route=\/wp\/v2\/types\/post"}],"author":[{"embeddable":true,"href":"https:\/\/cienciasbiologicas.ulagos.cl\/index.php?rest_route=\/wp\/v2\/users\/1"}],"replies":[{"embeddable":true,"href":"https:\/\/cienciasbiologicas.ulagos.cl\/index.php?rest_route=%2Fwp%2Fv2%2Fcomments&post=1"}],"version-history":[{"count":19,"href":"https:\/\/cienciasbiologicas.ulagos.cl\/index.php?rest_route=\/wp\/v2\/posts\/1\/revisions"}],"predecessor-version":[{"id":773,"href":"https:\/\/cienciasbiologicas.ulagos.cl\/index.php?rest_route=\/wp\/v2\/posts\/1\/revisions\/773"}],"wp:featuredmedia":[{"embeddable":true,"href":"https:\/\/cienciasbiologicas.ulagos.cl\/index.php?rest_route=\/wp\/v2\/media\/813"}],"wp:attachment":[{"href":"https:\/\/cienciasbiologicas.ulagos.cl\/index.php?rest_route=%2Fwp%2Fv2%2Fmedia&parent=1"}],"wp:term":[{"taxonomy":"category","embeddable":true,"href":"https:\/\/cienciasbiologicas.ulagos.cl\/index.php?rest_route=%2Fwp%2Fv2%2Fcategories&post=1"},{"taxonomy":"post_tag","embeddable":true,"href":"https:\/\/cienciasbiologicas.ulagos.cl\/index.php?rest_route=%2Fwp%2Fv2%2Ftags&post=1"}],"curies":[{"name":"wp","href":"https:\/\/api.w.org\/{rel}","templated":true}]}}